{"id":126039,"date":"2017-11-24T15:06:20","date_gmt":"2017-11-24T14:06:20","guid":{"rendered":"https:\/\/www.alpaviation.ch\/non-classifiee\/lapl-a\/"},"modified":"2025-10-17T12:31:12","modified_gmt":"2025-10-17T10:31:12","slug":"lapl-a","status":"publish","type":"post","link":"https:\/\/www.alpaviation.ch\/fr\/pilote-prive\/lapl-a\/","title":{"rendered":"LAPL (A)"},"content":{"rendered":"<p>[et_pb_section fb_built=\u00a0\u00bb1&Prime; fullwidth=\u00a0\u00bbon\u00a0\u00bb _builder_version=\u00a0\u00bb3.22&Prime; transparent_background=\u00a0\u00bboff\u00a0\u00bb][et_pb_fullwidth_header_extended title=\u00a0\u00bbLAPL (A)\u00a0\u00bb subhead=\u00a0\u00bbLight Aircraft Pilot Licence (Aeroplane)\u00a0\u00bb background_overlay_color=\u00a0\u00bbrgba(0,0,0,0.2)\u00a0\u00bb background_gradient=\u00a0\u00bboff\u00a0\u00bb wider_mobile_space=\u00a0\u00bbon\u00a0\u00bb button_one_sb_hover_on_off=\u00a0\u00bboff\u00a0\u00bb button_two_sb_hover_on_off=\u00a0\u00bboff\u00a0\u00bb animated_gradient=\u00a0\u00bboff\u00a0\u00bb s_background_layout=\u00a0\u00bbdark\u00a0\u00bb header_scroll_down_effect_on_off=\u00a0\u00bbon\u00a0\u00bb header_scroll_down_effect=\u00a0\u00bbslideInDown\u00a0\u00bb title_gradient_on_off=\u00a0\u00bboff\u00a0\u00bb subhead_gradient_on_off=\u00a0\u00bboff\u00a0\u00bb content_gradient_on_off=\u00a0\u00bboff\u00a0\u00bb admin_label=\u00a0\u00bbTitelbild\u00a0\u00bb _builder_version=\u00a0\u00bb4.5.3&Prime; title_font=\u00a0\u00bbMontserrat|700|||||||\u00a0\u00bb title_font_size=\u00a0\u00bb80px\u00a0\u00bb title_letter_spacing=\u00a0\u00bb-1px\u00a0\u00bb title_line_height=\u00a0\u00bb1.2em\u00a0\u00bb content_font=\u00a0\u00bbLato||||\u00a0\u00bb content_font_size=\u00a0\u00bb18px\u00a0\u00bb content_line_height=\u00a0\u00bb1.8em\u00a0\u00bb subhead_font=\u00a0\u00bbMontserrat|600|||||||\u00a0\u00bb subhead_font_size=\u00a0\u00bb20px\u00a0\u00bb subhead_letter_spacing=\u00a0\u00bb5px\u00a0\u00bb background_image=\u00a0\u00bbhttps:\/\/www.alpaviation.ch\/wp-content\/uploads\/Bristel-B23-Flotte.png\u00a0\u00bb custom_button_one=\u00a0\u00bbon\u00a0\u00bb button_one_text_size=\u00a0\u00bb18&Prime; button_one_text_color=\u00a0\u00bb#ffffff\u00a0\u00bb button_one_bg_color=\u00a0\u00bb#b022e8&Prime; button_one_border_color=\u00a0\u00bb#b022e8&Prime; button_one_border_radius=\u00a0\u00bb2&Prime; background_layout=\u00a0\u00bbdark\u00a0\u00bb title_font_size_tablet=\u00a0\u00bb40px\u00a0\u00bb title_font_size_phone=\u00a0\u00bb28px\u00a0\u00bb title_font_size_last_edited=\u00a0\u00bbon|desktop\u00a0\u00bb title_letter_spacing_phone=\u00a0\u00bb0px\u00a0\u00bb content_font_size_tablet=\u00a0\u00bb\u00a0\u00bb content_font_size_phone=\u00a0\u00bb14px\u00a0\u00bb content_font_size_last_edited=\u00a0\u00bbon|phone\u00a0\u00bb subhead_font_size_tablet=\u00a0\u00bb\u00a0\u00bb subhead_font_size_phone=\u00a0\u00bb13px\u00a0\u00bb subhead_font_size_last_edited=\u00a0\u00bbon|desktop\u00a0\u00bb custom_css_button_1=\u00a0\u00bbmargin-top: 40px;\u00a0\u00bb][\/et_pb_fullwidth_header_extended][\/et_pb_section][et_pb_section fb_built=\u00a0\u00bb1&Prime; _builder_version=\u00a0\u00bb3.22&Prime;][et_pb_row _builder_version=\u00a0\u00bb3.25&Prime; background_size=\u00a0\u00bbinitial\u00a0\u00bb background_position=\u00a0\u00bbtop_left\u00a0\u00bb background_repeat=\u00a0\u00bbrepeat\u00a0\u00bb][et_pb_column type=\u00a0\u00bb4_4&Prime; _builder_version=\u00a0\u00bb3.25&Prime; custom_padding=\u00a0\u00bb|||\u00a0\u00bb custom_padding__hover=\u00a0\u00bb|||\u00a0\u00bb][et_pb_text _builder_version=\u00a0\u00bb4.5.3&Prime;]La licence de pilote d&rsquo;a\u00e9ronef l\u00e9ger (LAPL(A)) est une licence permettant de piloter des avions monomoteurs \u00e0 pistons d&rsquo;une masse au d\u00e9collage maximale de deux tonnes. Elle peut transporter jusqu&rsquo;\u00e0 trois passagers et n&rsquo;est valable qu&rsquo;en Europe.<\/p>\n<p>La formation LAPL permet au pilote d&rsquo;obtenir la licence de pilote la plus abordable disponible pour un a\u00e9ronef ; cependant, les possibilit\u00e9s de mise \u00e0 niveau sont tr\u00e8s limit\u00e9es. De plus, il est impossible d&rsquo;affr\u00e9ter un avion lors de vacances hors d&rsquo;Europe, par exemple aux \u00c9tats-Unis.<\/p>\n<p>Une conversion ult\u00e9rieure de la licence en PPL est g\u00e9n\u00e9ralement possible, mais son co\u00fbt est relativement \u00e9lev\u00e9 (incluant 15 heures de vol). Il est donc conseill\u00e9 d&rsquo;envisager s\u00e9rieusement l&rsquo;achat imm\u00e9diat de la PPL, l\u00e9g\u00e8rement plus on\u00e9reuse.<\/p>\n<p>Contrairement \u00e0 un titulaire de PPL, un pilote LAPL ne peut obtenir ni qualification de vol aux instruments ni qualification multimoteur. Il ne peut pas non plus obtenir de licence de pilote professionnel. Cependant, gr\u00e2ce \u00e0 une formation diff\u00e9rentielle, la qualification de classe peut \u00eatre \u00e9tendue aux avions monomoteurs complexes (\u00e0 h\u00e9lices \u00e0 pas variable et train d&rsquo;atterrissage r\u00e9tractable) et aux avions monomoteurs \u00e0 pistons avec turbocompresseur et\/ou cabine pressuris\u00e9e. Une qualification de pilote de nuit est \u00e9galement possible.<\/p>\n<p>De plus, les pilotes ne sont autoris\u00e9s \u00e0 participer aux communications radio que si une mention linguistique pour la langue utilis\u00e9e est inscrite sur leur licence. Ceci s&rsquo;applique \u00e0 toutes les langues, outre l&rsquo;anglais, y compris l&rsquo;allemand. Cette mention s&rsquo;obtient par une auto-d\u00e9claration (pour les germanophones) et un test de langue (pour l&rsquo;anglais).[\/et_pb_text][et_pb_text _builder_version=\u00a0\u00bb4.5.3&Prime;]<\/p>\n<h2><\/h2>\n<h2 style=\"text-align: center;\">Votre formation ressemble \u00e0 ceci<\/h2>\n<p>[\/et_pb_text][\/et_pb_column][\/et_pb_row][et_pb_row column_structure=\u00a0\u00bb1_3,1_3,1_3&Prime; _builder_version=\u00a0\u00bb3.25&Prime; background_size=\u00a0\u00bbinitial\u00a0\u00bb background_position=\u00a0\u00bbtop_left\u00a0\u00bb background_repeat=\u00a0\u00bbrepeat\u00a0\u00bb][et_pb_column type=\u00a0\u00bb1_3&Prime; _builder_version=\u00a0\u00bb3.25&Prime; custom_padding=\u00a0\u00bb|||\u00a0\u00bb custom_padding__hover=\u00a0\u00bb|||\u00a0\u00bb][et_pb_circle_counter title=\u00a0\u00bbHeures de th\u00e9orie\u00a0\u00bb number=\u00a0\u00bb100&Prime; percent_sign=\u00a0\u00bboff\u00a0\u00bb admin_label=\u00a0\u00bbTheorie\u00a0\u00bb _builder_version=\u00a0\u00bb3.0.89&Prime; title_level=\u00a0\u00bbh2&Prime; number_font=\u00a0\u00bb|700|||||||\u00a0\u00bb][\/et_pb_circle_counter][\/et_pb_column][et_pb_column type=\u00a0\u00bb1_3&Prime; _builder_version=\u00a0\u00bb3.25&Prime; custom_padding=\u00a0\u00bb|||\u00a0\u00bb custom_padding__hover=\u00a0\u00bb|||\u00a0\u00bb][\/et_pb_column][et_pb_column type=\u00a0\u00bb1_3&Prime; _builder_version=\u00a0\u00bb3.25&Prime; custom_padding=\u00a0\u00bb|||\u00a0\u00bb custom_padding__hover=\u00a0\u00bb|||\u00a0\u00bb][et_pb_circle_counter title=\u00a0\u00bbHeures de vol\u00a0\u00bb number=\u00a0\u00bb30&Prime; percent_sign=\u00a0\u00bboff\u00a0\u00bb _builder_version=\u00a0\u00bb3.0.89&Prime; title_level=\u00a0\u00bbh2&Prime; number_font=\u00a0\u00bb|700|||||||\u00a0\u00bb][\/et_pb_circle_counter][\/et_pb_column][\/et_pb_row][et_pb_row column_structure=\u00a0\u00bb1_2,1_2&Prime; _builder_version=\u00a0\u00bb3.25&Prime; background_size=\u00a0\u00bbinitial\u00a0\u00bb background_position=\u00a0\u00bbtop_left\u00a0\u00bb background_repeat=\u00a0\u00bbrepeat\u00a0\u00bb][et_pb_column type=\u00a0\u00bb1_2&Prime; _builder_version=\u00a0\u00bb3.25&Prime; custom_padding=\u00a0\u00bb|||\u00a0\u00bb custom_padding__hover=\u00a0\u00bb|||\u00a0\u00bb][et_pb_blurb title=\u00a0\u00bbFormation th\u00e9orique\u00a0\u00bb use_icon=\u00a0\u00bbon\u00a0\u00bb font_icon=\u00a0\u00bb%%158%%\u00a0\u00bb icon_color=\u00a0\u00bb#e09900&Prime; admin_label=\u00a0\u00bbTheorie\u00a0\u00bb _builder_version=\u00a0\u00bb4.5.3&Prime; header_level=\u00a0\u00bbh2&Prime;]Au moins 100 heures d\u2019enseignement dans les mati\u00e8res suivantes :<\/p>\n<ul>\n<li>Navigation<\/li>\n<li>M\u00e9t\u00e9orologie<\/li>\n<li>Droit a\u00e9rien<\/li>\n<li>A\u00e9rodynamique<\/li>\n<li>Connaissance g\u00e9n\u00e9rale des avions<\/li>\n<li>Comportement dans des cas particuliers<\/li>\n<li>Performance humaine<\/li>\n<li>Radio<\/li>\n<\/ul>\n<p>Les 100 heures requises peuvent \u00eatre suivies en pr\u00e9sentiel \u00e0 l&rsquo;\u00e9cole de pilotage. Ces cours ont lieu deux soirs par semaine (3 heures chacun) ou le samedi\/dimanche, selon le cours. Il est \u00e9galement possible de suivre une formation \u00e0 distance de 10 heures en pr\u00e9sentiel ou une combinaison personnalis\u00e9e des deux.[\/et_pb_blurb][\/et_pb_column][et_pb_column type=\u00a0\u00bb1_2&Prime; _builder_version=\u00a0\u00bb3.25&Prime; custom_padding=\u00a0\u00bb|||\u00a0\u00bb custom_padding__hover=\u00a0\u00bb|||\u00a0\u00bb][et_pb_blurb title=\u00a0\u00bbFormation pratique\u00a0\u00bb use_icon=\u00a0\u00bbon\u00a0\u00bb font_icon=\u00a0\u00bb%%121%%\u00a0\u00bb icon_color=\u00a0\u00bb#e09900&Prime; admin_label=\u00a0\u00bbPraxis\u00a0\u00bb _builder_version=\u00a0\u00bb4.5.3&Prime; header_level=\u00a0\u00bbh2&Prime;]La formation se d\u00e9roule en 8 \u00e9tapes :<\/p>\n<ul>\n<li>Au <strong>niveau 4<\/strong>, vous pouvez piloter un avion seul dans la zone de trafic.<\/li>\n<li>Au <strong>niveau 7<\/strong>, vous obtiendrez la qualification de conduite tout-terrain en solo apr\u00e8s avoir r\u00e9ussi l&rsquo;examen th\u00e9orique.<\/li>\n<li>Au <strong>niveau 8<\/strong>, vous atteindrez l&rsquo;\u00e9tat de pr\u00e9paration \u00e0 l&rsquo;examen pratique.<\/li>\n<\/ul>\n<p>Au moins 30 heures de vol sont requises, qui se r\u00e9partissent comme suit :<\/p>\n<ul>\n<li>15 heures avec instructeur de vol<\/li>\n<li>au moins 6 heures de cours en solo supervis\u00e9<\/li>\n<\/ul>\n<p>La formation pratique se d\u00e9roule sur notre Bristell BR23 \u00e9prouv\u00e9.[\/et_pb_blurb][\/et_pb_column][\/et_pb_row][et_pb_row _builder_version=\u00a0\u00bb3.25&Prime; background_size=\u00a0\u00bbinitial\u00a0\u00bb background_position=\u00a0\u00bbtop_left\u00a0\u00bb background_repeat=\u00a0\u00bbrepeat\u00a0\u00bb][et_pb_column type=\u00a0\u00bb4_4&Prime; _builder_version=\u00a0\u00bb3.25&Prime; custom_padding=\u00a0\u00bb|||\u00a0\u00bb custom_padding__hover=\u00a0\u00bb|||\u00a0\u00bb][et_pb_divider show_divider=\u00a0\u00bboff\u00a0\u00bb _builder_version=\u00a0\u00bb3.2&Prime;][\/et_pb_divider][\/et_pb_column][\/et_pb_row][et_pb_row column_structure=\u00a0\u00bb2_3,1_3&Prime; _builder_version=\u00a0\u00bb3.25&Prime; background_size=\u00a0\u00bbinitial\u00a0\u00bb background_position=\u00a0\u00bbtop_left\u00a0\u00bb background_repeat=\u00a0\u00bbrepeat\u00a0\u00bb][et_pb_column type=\u00a0\u00bb2_3&Prime; _builder_version=\u00a0\u00bb3.25&Prime; custom_padding=\u00a0\u00bb|||\u00a0\u00bb custom_padding__hover=\u00a0\u00bb|||\u00a0\u00bb][et_pb_text _builder_version=\u00a0\u00bb4.5.3&Prime;]Une partie de la formation pour devenir pilote priv\u00e9 consiste \u00e0 obtenir une licence de radiot\u00e9l\u00e9phonie.<\/p>\n<p>De plus, les pilotes ne sont autoris\u00e9s \u00e0 participer aux communications radio que si leur licence comporte une mention linguistique pour la langue utilis\u00e9e. Ceci s&rsquo;applique \u00e0 toute langue autre que l&rsquo;anglais, y compris l&rsquo;allemand et le fran\u00e7ais.[\/et_pb_text][\/et_pb_column][et_pb_column type=\u00a0\u00bb1_3&Prime; _builder_version=\u00a0\u00bb3.25&Prime; custom_padding=\u00a0\u00bb|||\u00a0\u00bb custom_padding__hover=\u00a0\u00bb|||\u00a0\u00bb][et_pb_blog fullwidth=\u00a0\u00bboff\u00a0\u00bb posts_number=\u00a0\u00bb1&Prime; include_categories=\u00a0\u00bb42&Prime; show_author=\u00a0\u00bboff\u00a0\u00bb show_date=\u00a0\u00bboff\u00a0\u00bb show_categories=\u00a0\u00bboff\u00a0\u00bb show_pagination=\u00a0\u00bboff\u00a0\u00bb _builder_version=\u00a0\u00bb3.0.94&Prime; pagination_font_size_tablet=\u00a0\u00bb51&Prime; pagination_line_height_tablet=\u00a0\u00bb2&Prime; use_dropshadow=\u00a0\u00bboff\u00a0\u00bb][\/et_pb_blog][\/et_pb_column][\/et_pb_row][et_pb_row column_structure=\u00a0\u00bb1_3,2_3&Prime; _builder_version=\u00a0\u00bb3.25&Prime; background_size=\u00a0\u00bbinitial\u00a0\u00bb background_position=\u00a0\u00bbtop_left\u00a0\u00bb background_repeat=\u00a0\u00bbrepeat\u00a0\u00bb][et_pb_column type=\u00a0\u00bb1_3&Prime; _builder_version=\u00a0\u00bb3.25&Prime; custom_padding=\u00a0\u00bb|||\u00a0\u00bb custom_padding__hover=\u00a0\u00bb|||\u00a0\u00bb][et_pb_image src=\u00a0\u00bbhttps:\/\/www.alpaviation.ch\/wp-content\/uploads\/HB_SRA-600&#215;420.jpg\u00a0\u00bb align_tablet=\u00a0\u00bbcenter\u00a0\u00bb align_phone=\u00a0\u00bb\u00a0\u00bb align_last_edited=\u00a0\u00bbon|desktop\u00a0\u00bb _builder_version=\u00a0\u00bb3.23&Prime; always_center_on_mobile=\u00a0\u00bbon\u00a0\u00bb][\/et_pb_image][\/et_pb_column][et_pb_column type=\u00a0\u00bb2_3&Prime; _builder_version=\u00a0\u00bb3.25&Prime; custom_padding=\u00a0\u00bb|||\u00a0\u00bb custom_padding__hover=\u00a0\u00bb|||\u00a0\u00bb][et_pb_text _builder_version=\u00a0\u00bb4.5.3&Prime; hover_enabled=\u00a0\u00bb0&Prime;]<\/p>\n<h3>Vol ult\u00e9rieur<\/h3>\n<p>Les titulaires d&rsquo;une licence LAPL re\u00e7oivent la qualification de monomoteur \u00e0 pistons, SEP (Terre), avec une masse maximale de 2 000 kg et un maximum de trois passagers, g\u00e9n\u00e9ralement valable \u00e0 vie. Cependant, les privil\u00e8ges de pilote ne peuvent \u00eatre exerc\u00e9s que si, apr\u00e8s avoir r\u00e9ussi l&rsquo;examen, ils justifient d&rsquo;au moins 10 heures de vol en tant que commandant de bord. Au cours des 24 derniers mois, ils doivent avoir effectu\u00e9 au moins 12 heures de vol en tant que commandant de bord et avoir effectu\u00e9 un vol d&rsquo;entra\u00eenement avec un instructeur de vol. Une licence LAPL ne permet pas la formation au vol aux instruments. Elle n&rsquo;est valable que dans l&rsquo;espace a\u00e9rien de l&rsquo;AESA.<\/p>\n<p>&nbsp;[\/et_pb_text][\/et_pb_column][\/et_pb_row][\/et_pb_section]<\/p>\n","protected":false},"excerpt":{"rendered":"<p>Le brevet de pilote d&rsquo;avion l\u00e9ger LAPL(A), est une licence permettant de piloter des avions monomoteurs \u00e0 pistons d&rsquo;un poids au d\u00e9collage inf\u00e9rieur ou \u00e9gal \u00e0 deux tonnes.<\/p>\n","protected":false},"author":1,"featured_media":125829,"comment_status":"closed","ping_status":"closed","sticky":false,"template":"","format":"standard","meta":{"_et_pb_use_builder":"on","_et_pb_old_content":"","_et_gb_content_width":""},"categories":[93],"tags":[],"_links":{"self":[{"href":"https:\/\/www.alpaviation.ch\/fr\/wp-json\/wp\/v2\/posts\/126039"}],"collection":[{"href":"https:\/\/www.alpaviation.ch\/fr\/wp-json\/wp\/v2\/posts"}],"about":[{"href":"https:\/\/www.alpaviation.ch\/fr\/wp-json\/wp\/v2\/types\/post"}],"author":[{"embeddable":true,"href":"https:\/\/www.alpaviation.ch\/fr\/wp-json\/wp\/v2\/users\/1"}],"replies":[{"embeddable":true,"href":"https:\/\/www.alpaviation.ch\/fr\/wp-json\/wp\/v2\/comments?post=126039"}],"version-history":[{"count":4,"href":"https:\/\/www.alpaviation.ch\/fr\/wp-json\/wp\/v2\/posts\/126039\/revisions"}],"predecessor-version":[{"id":126177,"href":"https:\/\/www.alpaviation.ch\/fr\/wp-json\/wp\/v2\/posts\/126039\/revisions\/126177"}],"wp:featuredmedia":[{"embeddable":true,"href":"https:\/\/www.alpaviation.ch\/fr\/wp-json\/wp\/v2\/media\/125829"}],"wp:attachment":[{"href":"https:\/\/www.alpaviation.ch\/fr\/wp-json\/wp\/v2\/media?parent=126039"}],"wp:term":[{"taxonomy":"category","embeddable":true,"href":"https:\/\/www.alpaviation.ch\/fr\/wp-json\/wp\/v2\/categories?post=126039"},{"taxonomy":"post_tag","embeddable":true,"href":"https:\/\/www.alpaviation.ch\/fr\/wp-json\/wp\/v2\/tags?post=126039"}],"curies":[{"name":"wp","href":"https:\/\/api.w.org\/{rel}","templated":true}]}}